{"id":8575,"date":"2023-06-08T10:26:29","date_gmt":"2023-06-08T09:26:29","guid":{"rendered":"https:\/\/www.bioteckacademy.com\/video-preservazione-alveolare\/"},"modified":"2023-06-08T10:45:14","modified_gmt":"2023-06-08T09:45:14","slug":"videoconferencia-preservacion-alveolar","status":"publish","type":"post","link":"https:\/\/www.bioteckacademy.com\/es\/videoconferencia-preservacion-alveolar\/","title":{"rendered":"Videoconferencia sobre el uso de biomateriales para la preservaci\u00f3n alveolar"},"content":{"rendered":"<p>Hoy llamamos su atenci\u00f3n sobre la ponencia que el Prof. Danilo Di Stefano present\u00f3 en el Congreso de la Sociedad Italiana de Cirug\u00eda Bucal (SIdCO) el pasado mes de octubre.<\/p>\n<p>&nbsp;<\/p>\n<p>\nEl Prof. Danilo Di Stefano ofreci\u00f3 una interesante visi\u00f3n del tema de la conservaci\u00f3n del alveolo y la cresta, desde un punto de vista cl\u00ednico-biol\u00f3gico.<\/p>\n<p>&nbsp;<\/p>\n<p>\nPartiendo de las caracter\u00edsticas de los biomateriales y mostrando <strong>sus diferentes interacciones con las c\u00e9lulas que intervienen en la<\/strong> remodelaci\u00f3n \u00f3sea, el Prof. Di Stefano sent\u00f3 las bases para comprender el <strong>diferente comportamiento de los biomateriales tambi\u00e9n a nivel cl\u00ednico<\/strong>.<\/p>\n<p>&nbsp;<\/p>\n<p>\nEn particular, describi\u00f3 la literatura cient\u00edfica y cl\u00ednica de <strong>Zymo-Teck<sup>\u00ae<\/sup> Bone, el sustituto \u00f3seo con col\u00e1geno preservado y componente mineral, que se remodela completamente con el hueso del paciente<\/strong>.<\/p>\n<p>&nbsp;<\/p>\n<p>&nbsp;<\/p>\n<p><a href=\"https:\/\/www.bioteckacademy.com\/es\/vds\/preservacion-alveolar\/\" target=\"_blank\" rel=\"noopener\"><strong>&gt; Haga clic aqu\u00ed para ver el v\u00eddeo<\/strong><\/a><\/p>\n<p>&nbsp;<\/p>\n","protected":false},"excerpt":{"rendered":"<p>Hoy llamamos su atenci\u00f3n sobre la ponencia que el Prof. Danilo Di Stefano present\u00f3 en el Congreso de la Sociedad Italiana de Cirug\u00eda Bucal (SIdCO) el pasado mes [&hellip;]<\/p>\n","protected":false},"author":7,"featured_media":8580,"comment_status":"closed","ping_status":"open","sticky":false,"template":"","format":"standard","meta":{"_acf_changed":false,"footnotes":""},"categories":[3],"tags":[],"class_list":["post-8575","post","type-post","status-publish","format-standard","has-post-thumbnail","hentry","category-sin-categorizar"],"acf":[],"yoast_head":"<!-- This site is optimized with the Yoast SEO plugin v26.3 - https:\/\/yoast.com\/wordpress\/plugins\/seo\/ -->\n<title>Videoconferencia sobre el uso de biomateriales para la preservaci\u00f3n alveolar - Bioteck Academy<\/title>\n<meta name=\"description\" content=\"De la biolog\u00eda a la pr\u00e1ctica cl\u00ednica: estado del arte y perspectivas de futuro en el uso de biomateriales para la preservaci\u00f3n alveolar\" \/>\n<meta name=\"robots\" content=\"index, follow, max-snippet:-1, max-image-preview:large, max-video-preview:-1\" \/>\n<link rel=\"canonical\" href=\"https:\/\/www.bioteckacademy.com\/es\/videoconferencia-preservacion-alveolar\/\" \/>\n<meta property=\"og:locale\" content=\"es_ES\" \/>\n<meta property=\"og:type\" content=\"article\" \/>\n<meta property=\"og:title\" content=\"Videoconferencia sobre el uso de biomateriales para la preservaci\u00f3n alveolar - Bioteck Academy\" \/>\n<meta property=\"og:description\" content=\"De la biolog\u00eda a la pr\u00e1ctica cl\u00ednica: estado del arte y perspectivas de futuro en el uso de biomateriales para la preservaci\u00f3n alveolar\" \/>\n<meta property=\"og:url\" content=\"https:\/\/www.bioteckacademy.com\/es\/videoconferencia-preservacion-alveolar\/\" \/>\n<meta property=\"og:site_name\" content=\"Bioteck Academy\" \/>\n<meta property=\"article:published_time\" content=\"2023-06-08T09:26:29+00:00\" \/>\n<meta property=\"article:modified_time\" content=\"2023-06-08T09:45:14+00:00\" \/>\n<meta property=\"og:image\" content=\"https:\/\/www.bioteckacademy.com\/wp-content\/uploads\/2023\/06\/video-Di-Stefano-social-ES.jpg\" \/>\n\t<meta property=\"og:image:width\" content=\"1109\" \/>\n\t<meta property=\"og:image:height\" content=\"578\" \/>\n\t<meta property=\"og:image:type\" content=\"image\/jpeg\" \/>\n<meta name=\"author\" content=\"gs_laziendinacreativa\" \/>\n<meta name=\"twitter:card\" content=\"summary_large_image\" \/>\n<meta name=\"twitter:label1\" content=\"Written by\" \/>\n\t<meta name=\"twitter:data1\" content=\"gs_laziendinacreativa\" \/>\n\t<meta name=\"twitter:label2\" content=\"Est. reading time\" \/>\n\t<meta name=\"twitter:data2\" content=\"1 minute\" \/>\n<script type=\"application\/ld+json\" class=\"yoast-schema-graph\">{\"@context\":\"https:\/\/schema.org\",\"@graph\":[{\"@type\":\"WebPage\",\"@id\":\"https:\/\/www.bioteckacademy.com\/es\/videoconferencia-preservacion-alveolar\/\",\"url\":\"https:\/\/www.bioteckacademy.com\/es\/videoconferencia-preservacion-alveolar\/\",\"name\":\"Videoconferencia sobre el uso de biomateriales para la preservaci\u00f3n alveolar - Bioteck Academy\",\"isPartOf\":{\"@id\":\"https:\/\/www.bioteckacademy.com\/es\/#website\"},\"primaryImageOfPage\":{\"@id\":\"https:\/\/www.bioteckacademy.com\/es\/videoconferencia-preservacion-alveolar\/#primaryimage\"},\"image\":{\"@id\":\"https:\/\/www.bioteckacademy.com\/es\/videoconferencia-preservacion-alveolar\/#primaryimage\"},\"thumbnailUrl\":\"https:\/\/www.bioteckacademy.com\/wp-content\/uploads\/2023\/06\/video-Di-Stefano-stretta-ES.jpg\",\"datePublished\":\"2023-06-08T09:26:29+00:00\",\"dateModified\":\"2023-06-08T09:45:14+00:00\",\"author\":{\"@id\":\"https:\/\/www.bioteckacademy.com\/es\/#\/schema\/person\/2e41e884214f64b193a0db301fa9c994\"},\"description\":\"De la biolog\u00eda a la pr\u00e1ctica cl\u00ednica: estado del arte y perspectivas de futuro en el uso de biomateriales para la preservaci\u00f3n alveolar\",\"breadcrumb\":{\"@id\":\"https:\/\/www.bioteckacademy.com\/es\/videoconferencia-preservacion-alveolar\/#breadcrumb\"},\"inLanguage\":\"es-ES\",\"potentialAction\":[{\"@type\":\"ReadAction\",\"target\":[\"https:\/\/www.bioteckacademy.com\/es\/videoconferencia-preservacion-alveolar\/\"]}]},{\"@type\":\"ImageObject\",\"inLanguage\":\"es-ES\",\"@id\":\"https:\/\/www.bioteckacademy.com\/es\/videoconferencia-preservacion-alveolar\/#primaryimage\",\"url\":\"https:\/\/www.bioteckacademy.com\/wp-content\/uploads\/2023\/06\/video-Di-Stefano-stretta-ES.jpg\",\"contentUrl\":\"https:\/\/www.bioteckacademy.com\/wp-content\/uploads\/2023\/06\/video-Di-Stefano-stretta-ES.jpg\",\"width\":1118,\"height\":574,\"caption\":\"preservaci\u00f3n alveolar\"},{\"@type\":\"BreadcrumbList\",\"@id\":\"https:\/\/www.bioteckacademy.com\/es\/videoconferencia-preservacion-alveolar\/#breadcrumb\",\"itemListElement\":[{\"@type\":\"ListItem\",\"position\":1,\"name\":\"Home\",\"item\":\"https:\/\/www.bioteckacademy.com\/es\/\"},{\"@type\":\"ListItem\",\"position\":2,\"name\":\"Videoconferencia sobre el uso de biomateriales para la preservaci\u00f3n alveolar\"}]},{\"@type\":\"WebSite\",\"@id\":\"https:\/\/www.bioteckacademy.com\/es\/#website\",\"url\":\"https:\/\/www.bioteckacademy.com\/es\/\",\"name\":\"Bioteck Academy\",\"description\":\"La Bioteck Academy promuove la diffusione del sapere nel campo della medicina rigenerativa applicata all\u2019odontoiatria, alla chirurgia maxillofacciale, all\u2019ortopedia e alla neurochirurgia.\",\"potentialAction\":[{\"@type\":\"SearchAction\",\"target\":{\"@type\":\"EntryPoint\",\"urlTemplate\":\"https:\/\/www.bioteckacademy.com\/es\/?s={search_term_string}\"},\"query-input\":{\"@type\":\"PropertyValueSpecification\",\"valueRequired\":true,\"valueName\":\"search_term_string\"}}],\"inLanguage\":\"es-ES\"},{\"@type\":\"Person\",\"@id\":\"https:\/\/www.bioteckacademy.com\/es\/#\/schema\/person\/2e41e884214f64b193a0db301fa9c994\",\"name\":\"gs_laziendinacreativa\",\"image\":{\"@type\":\"ImageObject\",\"inLanguage\":\"es-ES\",\"@id\":\"https:\/\/www.bioteckacademy.com\/es\/#\/schema\/person\/image\/\",\"url\":\"https:\/\/secure.gravatar.com\/avatar\/4e8f8b41164f6afc31fe7fc0fc8292f68d076213f1e34cc242397d8a6b05c81d?s=96&d=mm&r=g\",\"contentUrl\":\"https:\/\/secure.gravatar.com\/avatar\/4e8f8b41164f6afc31fe7fc0fc8292f68d076213f1e34cc242397d8a6b05c81d?s=96&d=mm&r=g\",\"caption\":\"gs_laziendinacreativa\"},\"url\":\"https:\/\/www.bioteckacademy.com\/es\/author\/gs_laziendinacreativa\/\"}]}<\/script>\n<!-- \/ Yoast SEO plugin. -->","yoast_head_json":{"title":"Videoconferencia sobre el uso de biomateriales para la preservaci\u00f3n alveolar - Bioteck Academy","description":"De la biolog\u00eda a la pr\u00e1ctica cl\u00ednica: estado del arte y perspectivas de futuro en el uso de biomateriales para la preservaci\u00f3n alveolar","robots":{"index":"index","follow":"follow","max-snippet":"max-snippet:-1","max-image-preview":"max-image-preview:large","max-video-preview":"max-video-preview:-1"},"canonical":"https:\/\/www.bioteckacademy.com\/es\/videoconferencia-preservacion-alveolar\/","og_locale":"es_ES","og_type":"article","og_title":"Videoconferencia sobre el uso de biomateriales para la preservaci\u00f3n alveolar - Bioteck Academy","og_description":"De la biolog\u00eda a la pr\u00e1ctica cl\u00ednica: estado del arte y perspectivas de futuro en el uso de biomateriales para la preservaci\u00f3n alveolar","og_url":"https:\/\/www.bioteckacademy.com\/es\/videoconferencia-preservacion-alveolar\/","og_site_name":"Bioteck Academy","article_published_time":"2023-06-08T09:26:29+00:00","article_modified_time":"2023-06-08T09:45:14+00:00","og_image":[{"width":1109,"height":578,"url":"https:\/\/www.bioteckacademy.com\/wp-content\/uploads\/2023\/06\/video-Di-Stefano-social-ES.jpg","type":"image\/jpeg"}],"author":"gs_laziendinacreativa","twitter_card":"summary_large_image","twitter_misc":{"Written by":"gs_laziendinacreativa","Est. reading time":"1 minute"},"schema":{"@context":"https:\/\/schema.org","@graph":[{"@type":"WebPage","@id":"https:\/\/www.bioteckacademy.com\/es\/videoconferencia-preservacion-alveolar\/","url":"https:\/\/www.bioteckacademy.com\/es\/videoconferencia-preservacion-alveolar\/","name":"Videoconferencia sobre el uso de biomateriales para la preservaci\u00f3n alveolar - Bioteck Academy","isPartOf":{"@id":"https:\/\/www.bioteckacademy.com\/es\/#website"},"primaryImageOfPage":{"@id":"https:\/\/www.bioteckacademy.com\/es\/videoconferencia-preservacion-alveolar\/#primaryimage"},"image":{"@id":"https:\/\/www.bioteckacademy.com\/es\/videoconferencia-preservacion-alveolar\/#primaryimage"},"thumbnailUrl":"https:\/\/www.bioteckacademy.com\/wp-content\/uploads\/2023\/06\/video-Di-Stefano-stretta-ES.jpg","datePublished":"2023-06-08T09:26:29+00:00","dateModified":"2023-06-08T09:45:14+00:00","author":{"@id":"https:\/\/www.bioteckacademy.com\/es\/#\/schema\/person\/2e41e884214f64b193a0db301fa9c994"},"description":"De la biolog\u00eda a la pr\u00e1ctica cl\u00ednica: estado del arte y perspectivas de futuro en el uso de biomateriales para la preservaci\u00f3n alveolar","breadcrumb":{"@id":"https:\/\/www.bioteckacademy.com\/es\/videoconferencia-preservacion-alveolar\/#breadcrumb"},"inLanguage":"es-ES","potentialAction":[{"@type":"ReadAction","target":["https:\/\/www.bioteckacademy.com\/es\/videoconferencia-preservacion-alveolar\/"]}]},{"@type":"ImageObject","inLanguage":"es-ES","@id":"https:\/\/www.bioteckacademy.com\/es\/videoconferencia-preservacion-alveolar\/#primaryimage","url":"https:\/\/www.bioteckacademy.com\/wp-content\/uploads\/2023\/06\/video-Di-Stefano-stretta-ES.jpg","contentUrl":"https:\/\/www.bioteckacademy.com\/wp-content\/uploads\/2023\/06\/video-Di-Stefano-stretta-ES.jpg","width":1118,"height":574,"caption":"preservaci\u00f3n alveolar"},{"@type":"BreadcrumbList","@id":"https:\/\/www.bioteckacademy.com\/es\/videoconferencia-preservacion-alveolar\/#breadcrumb","itemListElement":[{"@type":"ListItem","position":1,"name":"Home","item":"https:\/\/www.bioteckacademy.com\/es\/"},{"@type":"ListItem","position":2,"name":"Videoconferencia sobre el uso de biomateriales para la preservaci\u00f3n alveolar"}]},{"@type":"WebSite","@id":"https:\/\/www.bioteckacademy.com\/es\/#website","url":"https:\/\/www.bioteckacademy.com\/es\/","name":"Bioteck Academy","description":"La Bioteck Academy promuove la diffusione del sapere nel campo della medicina rigenerativa applicata all\u2019odontoiatria, alla chirurgia maxillofacciale, all\u2019ortopedia e alla neurochirurgia.","potentialAction":[{"@type":"SearchAction","target":{"@type":"EntryPoint","urlTemplate":"https:\/\/www.bioteckacademy.com\/es\/?s={search_term_string}"},"query-input":{"@type":"PropertyValueSpecification","valueRequired":true,"valueName":"search_term_string"}}],"inLanguage":"es-ES"},{"@type":"Person","@id":"https:\/\/www.bioteckacademy.com\/es\/#\/schema\/person\/2e41e884214f64b193a0db301fa9c994","name":"gs_laziendinacreativa","image":{"@type":"ImageObject","inLanguage":"es-ES","@id":"https:\/\/www.bioteckacademy.com\/es\/#\/schema\/person\/image\/","url":"https:\/\/secure.gravatar.com\/avatar\/4e8f8b41164f6afc31fe7fc0fc8292f68d076213f1e34cc242397d8a6b05c81d?s=96&d=mm&r=g","contentUrl":"https:\/\/secure.gravatar.com\/avatar\/4e8f8b41164f6afc31fe7fc0fc8292f68d076213f1e34cc242397d8a6b05c81d?s=96&d=mm&r=g","caption":"gs_laziendinacreativa"},"url":"https:\/\/www.bioteckacademy.com\/es\/author\/gs_laziendinacreativa\/"}]}},"_links":{"self":[{"href":"https:\/\/www.bioteckacademy.com\/es\/wp-json\/wp\/v2\/posts\/8575","targetHints":{"allow":["GET"]}}],"collection":[{"href":"https:\/\/www.bioteckacademy.com\/es\/wp-json\/wp\/v2\/posts"}],"about":[{"href":"https:\/\/www.bioteckacademy.com\/es\/wp-json\/wp\/v2\/types\/post"}],"author":[{"embeddable":true,"href":"https:\/\/www.bioteckacademy.com\/es\/wp-json\/wp\/v2\/users\/7"}],"replies":[{"embeddable":true,"href":"https:\/\/www.bioteckacademy.com\/es\/wp-json\/wp\/v2\/comments?post=8575"}],"version-history":[{"count":2,"href":"https:\/\/www.bioteckacademy.com\/es\/wp-json\/wp\/v2\/posts\/8575\/revisions"}],"predecessor-version":[{"id":8586,"href":"https:\/\/www.bioteckacademy.com\/es\/wp-json\/wp\/v2\/posts\/8575\/revisions\/8586"}],"wp:featuredmedia":[{"embeddable":true,"href":"https:\/\/www.bioteckacademy.com\/es\/wp-json\/wp\/v2\/media\/8580"}],"wp:attachment":[{"href":"https:\/\/www.bioteckacademy.com\/es\/wp-json\/wp\/v2\/media?parent=8575"}],"wp:term":[{"taxonomy":"category","embeddable":true,"href":"https:\/\/www.bioteckacademy.com\/es\/wp-json\/wp\/v2\/categories?post=8575"},{"taxonomy":"post_tag","embeddable":true,"href":"https:\/\/www.bioteckacademy.com\/es\/wp-json\/wp\/v2\/tags?post=8575"}],"curies":[{"name":"wp","href":"https:\/\/api.w.org\/{rel}","templated":true}]}}